{"id":719,"date":"2023-04-05T08:28:39","date_gmt":"2023-04-05T11:28:39","guid":{"rendered":"https:\/\/trilhasdavida.com.br\/?p=719"},"modified":"2023-04-13T11:03:07","modified_gmt":"2023-04-13T14:03:07","slug":"o-que-causa-a-ansiedade","status":"publish","type":"post","link":"https:\/\/trilhasdavida.com.br\/?p=719","title":{"rendered":"O que causa a ansiedade?"},"content":{"rendered":"<p>Identificar o que causa a ansiedade pode ser um processo desafiador, mas \u00e9 um passo importante para lidar com ela. Aqui est\u00e3o algumas estrat\u00e9gias que podem ajud\u00e1-lo a identificar o que est\u00e1 causando sua ansiedade:<\/p>\n<ol>\n<li>Registre seus pensamentos e sentimentos: mantenha um di\u00e1rio ou anote seus pensamentos e sentimentos quando estiver ansioso. Isso pode ajud\u00e1-lo a identificar padr\u00f5es ou gatilhos de ansiedade.<\/li>\n<li>Observe as situa\u00e7\u00f5es que desencadeiam a ansiedade: preste aten\u00e7\u00e3o \u00e0s situa\u00e7\u00f5es em que voc\u00ea se sente ansioso. Tente identificar o que est\u00e1 acontecendo nesses momentos e como voc\u00ea est\u00e1 se sentindo.<\/li>\n<li>Fa\u00e7a uma lista de suas preocupa\u00e7\u00f5es: liste as coisas que voc\u00ea est\u00e1 preocupado ou ansioso. Isso pode ajud\u00e1-lo a identificar padr\u00f5es e temas comuns que podem estar contribuindo para sua ansiedade.<\/li>\n<li>Considere fatores f\u00edsicos: algumas condi\u00e7\u00f5es m\u00e9dicas ou subst\u00e2ncias podem contribuir para a ansiedade. Considere se voc\u00ea est\u00e1 se sentindo ansioso por causa de algum problema de sa\u00fade ou por estar tomando algum medicamento que possa estar causando ansiedade.<\/li>\n<li>Reflita sobre eventos passados: pense em momentos em que voc\u00ea se sentiu ansioso no passado. Considere o que estava acontecendo na \u00e9poca e como voc\u00ea lidou com a situa\u00e7\u00e3o.<\/li>\n<li>Considere a ajuda de um profissional: um profissional de sa\u00fade mental pode ajud\u00e1-lo a identificar o que est\u00e1 causando sua ansiedade e fornecer estrat\u00e9gias para lidar com ela.<\/li>\n<\/ol>\n<p>Lembre-se de que identificar a causa da ansiedade pode ser um processo gradual e pode exigir tentativa e erro. Mas com paci\u00eancia e perseveran\u00e7a, voc\u00ea pode aprender a gerenciar sua ansiedade de maneira mais eficaz.<\/p>\n","protected":false},"excerpt":{"rendered":"<p>Identificar o que causa a ansiedade pode ser um processo desafiador, mas \u00e9 um passo importante para lidar com ela.<\/p>\n","protected":false},"author":1,"featured_media":720,"comment_status":"open","ping_status":"open","sticky":false,"template":"","format":"standard","meta":{"colormag_page_container_layout":"default_layout","colormag_page_sidebar_layout":"default_layout"},"categories":[16],"tags":[],"yoast_head":"<!-- This site is optimized with the Yoast SEO plugin v20.5 - https:\/\/yoast.com\/wordpress\/plugins\/seo\/ -->\n<title>O que causa a ansiedade? - Trilhas da Vida<\/title>\n<meta name=\"description\" content=\"Identificar o que causa a ansiedade pode ser um processo desafiador, mas \u00e9 um passo importante para lidar com ela.\" \/>\n<meta name=\"robots\" content=\"index, follow, max-snippet:-1, max-image-preview:large, max-video-preview:-1\" \/>\n<link rel=\"canonical\" href=\"https:\/\/trilhasdavida.com.br\/?p=719\" \/>\n<meta property=\"og:locale\" content=\"en_US\" \/>\n<meta property=\"og:type\" content=\"article\" \/>\n<meta property=\"og:title\" content=\"O que causa a ansiedade? - Trilhas da Vida\" \/>\n<meta property=\"og:description\" content=\"Identificar o que causa a ansiedade pode ser um processo desafiador, mas \u00e9 um passo importante para lidar com ela.\" \/>\n<meta property=\"og:url\" content=\"https:\/\/trilhasdavida.com.br\/?p=719\" \/>\n<meta property=\"og:site_name\" content=\"Trilhas da Vida\" \/>\n<meta property=\"article:published_time\" content=\"2023-04-05T11:28:39+00:00\" \/>\n<meta property=\"article:modified_time\" content=\"2023-04-13T14:03:07+00:00\" \/>\n<meta property=\"og:image\" content=\"https:\/\/trilhasdavida.com.br\/wp-content\/uploads\/2023\/04\/pexels-energepiccom-110473-scaled.jpg\" \/>\n\t<meta property=\"og:image:width\" content=\"2560\" \/>\n\t<meta property=\"og:image:height\" content=\"1920\" \/>\n\t<meta property=\"og:image:type\" content=\"image\/jpeg\" \/>\n<meta name=\"author\" content=\"trilhasdavida1@gmail.com\" \/>\n<meta name=\"twitter:card\" content=\"summary_large_image\" \/>\n<meta name=\"twitter:label1\" content=\"Written by\" \/>\n\t<meta name=\"twitter:data1\" content=\"trilhasdavida1@gmail.com\" \/>\n\t<meta name=\"twitter:label2\" content=\"Est. reading time\" \/>\n\t<meta name=\"twitter:data2\" content=\"2 minutes\" \/>\n<script type=\"application\/ld+json\" class=\"yoast-schema-graph\">{\"@context\":\"https:\/\/schema.org\",\"@graph\":[{\"@type\":\"Article\",\"@id\":\"https:\/\/trilhasdavida.com.br\/?p=719#article\",\"isPartOf\":{\"@id\":\"https:\/\/trilhasdavida.com.br\/?p=719\"},\"author\":{\"name\":\"trilhasdavida1@gmail.com\",\"@id\":\"https:\/\/trilhasdavida.com.br\/#\/schema\/person\/a4991d75f52ee6bb75d9a83bef1102dc\"},\"headline\":\"O que causa a ansiedade?\",\"datePublished\":\"2023-04-05T11:28:39+00:00\",\"dateModified\":\"2023-04-13T14:03:07+00:00\",\"mainEntityOfPage\":{\"@id\":\"https:\/\/trilhasdavida.com.br\/?p=719\"},\"wordCount\":282,\"commentCount\":0,\"publisher\":{\"@id\":\"https:\/\/trilhasdavida.com.br\/#organization\"},\"articleSection\":[\"Bem-estar\"],\"inLanguage\":\"en-US\",\"potentialAction\":[{\"@type\":\"CommentAction\",\"name\":\"Comment\",\"target\":[\"https:\/\/trilhasdavida.com.br\/?p=719#respond\"]}]},{\"@type\":\"WebPage\",\"@id\":\"https:\/\/trilhasdavida.com.br\/?p=719\",\"url\":\"https:\/\/trilhasdavida.com.br\/?p=719\",\"name\":\"O que causa a ansiedade? - Trilhas da Vida\",\"isPartOf\":{\"@id\":\"https:\/\/trilhasdavida.com.br\/#website\"},\"datePublished\":\"2023-04-05T11:28:39+00:00\",\"dateModified\":\"2023-04-13T14:03:07+00:00\",\"description\":\"Identificar o que causa a ansiedade pode ser um processo desafiador, mas \u00e9 um passo importante para lidar com ela.\",\"breadcrumb\":{\"@id\":\"https:\/\/trilhasdavida.com.br\/?p=719#breadcrumb\"},\"inLanguage\":\"en-US\",\"potentialAction\":[{\"@type\":\"ReadAction\",\"target\":[\"https:\/\/trilhasdavida.com.br\/?p=719\"]}]},{\"@type\":\"BreadcrumbList\",\"@id\":\"https:\/\/trilhasdavida.com.br\/?p=719#breadcrumb\",\"itemListElement\":[{\"@type\":\"ListItem\",\"position\":1,\"name\":\"In\u00edcio\",\"item\":\"https:\/\/trilhasdavida.com.br\/\"},{\"@type\":\"ListItem\",\"position\":2,\"name\":\"O que causa a ansiedade?\"}]},{\"@type\":\"WebSite\",\"@id\":\"https:\/\/trilhasdavida.com.br\/#website\",\"url\":\"https:\/\/trilhasdavida.com.br\/\",\"name\":\"Trilhas da Vida\",\"description\":\"Bem-vindo ao Trilhas da Vida, um site que oferece conte\u00fado de qualidade em diferentes \u00e1reas para ajudar voc\u00ea a navegar pelas trilhas da vida com mais seguran\u00e7a e conforto. Em nosso site, voc\u00ea encontrar\u00e1 informa\u00e7\u00f5es sobre finan\u00e7as pessoais, bem-estar, tecnologia e receitas. Acreditamos que cada uma dessas \u00e1reas \u00e9 fundamental para viver uma vida plena e feliz, e por isso, buscamos trazer conte\u00fados que possam ajud\u00e1-lo a cuidar de cada aspecto de sua vida.\",\"publisher\":{\"@id\":\"https:\/\/trilhasdavida.com.br\/#organization\"},\"potentialAction\":[{\"@type\":\"SearchAction\",\"target\":{\"@type\":\"EntryPoint\",\"urlTemplate\":\"https:\/\/trilhasdavida.com.br\/?s={search_term_string}\"},\"query-input\":\"required name=search_term_string\"}],\"inLanguage\":\"en-US\"},{\"@type\":\"Organization\",\"@id\":\"https:\/\/trilhasdavida.com.br\/#organization\",\"name\":\"Trilhas da Vida\",\"url\":\"https:\/\/trilhasdavida.com.br\/\",\"logo\":{\"@type\":\"ImageObject\",\"inLanguage\":\"en-US\",\"@id\":\"https:\/\/trilhasdavida.com.br\/#\/schema\/logo\/image\/\",\"url\":\"https:\/\/trilhasdavida.com.br\/wp-content\/uploads\/2023\/03\/cropped-logo-novo-trilhas-1.png\",\"contentUrl\":\"https:\/\/trilhasdavida.com.br\/wp-content\/uploads\/2023\/03\/cropped-logo-novo-trilhas-1.png\",\"width\":265,\"height\":90,\"caption\":\"Trilhas da Vida\"},\"image\":{\"@id\":\"https:\/\/trilhasdavida.com.br\/#\/schema\/logo\/image\/\"}},{\"@type\":\"Person\",\"@id\":\"https:\/\/trilhasdavida.com.br\/#\/schema\/person\/a4991d75f52ee6bb75d9a83bef1102dc\",\"name\":\"trilhasdavida1@gmail.com\",\"image\":{\"@type\":\"ImageObject\",\"inLanguage\":\"en-US\",\"@id\":\"https:\/\/trilhasdavida.com.br\/#\/schema\/person\/image\/\",\"url\":\"https:\/\/secure.gravatar.com\/avatar\/5c1aba1ce56d739487494eaef1a2813f?s=96&d=mm&r=g\",\"contentUrl\":\"https:\/\/secure.gravatar.com\/avatar\/5c1aba1ce56d739487494eaef1a2813f?s=96&d=mm&r=g\",\"caption\":\"trilhasdavida1@gmail.com\"},\"sameAs\":[\"http:\/\/trilhasdavida.com.br\"],\"url\":\"https:\/\/trilhasdavida.com.br\/?author=1\"}]}<\/script>\n<!-- \/ Yoast SEO plugin. -->","yoast_head_json":{"title":"O que causa a ansiedade? - Trilhas da Vida","description":"Identificar o que causa a ansiedade pode ser um processo desafiador, mas \u00e9 um passo importante para lidar com ela.","robots":{"index":"index","follow":"follow","max-snippet":"max-snippet:-1","max-image-preview":"max-image-preview:large","max-video-preview":"max-video-preview:-1"},"canonical":"https:\/\/trilhasdavida.com.br\/?p=719","og_locale":"en_US","og_type":"article","og_title":"O que causa a ansiedade? - Trilhas da Vida","og_description":"Identificar o que causa a ansiedade pode ser um processo desafiador, mas \u00e9 um passo importante para lidar com ela.","og_url":"https:\/\/trilhasdavida.com.br\/?p=719","og_site_name":"Trilhas da Vida","article_published_time":"2023-04-05T11:28:39+00:00","article_modified_time":"2023-04-13T14:03:07+00:00","og_image":[{"width":2560,"height":1920,"url":"https:\/\/trilhasdavida.com.br\/wp-content\/uploads\/2023\/04\/pexels-energepiccom-110473-scaled.jpg","type":"image\/jpeg"}],"author":"trilhasdavida1@gmail.com","twitter_card":"summary_large_image","twitter_misc":{"Written by":"trilhasdavida1@gmail.com","Est. reading time":"2 minutes"},"schema":{"@context":"https:\/\/schema.org","@graph":[{"@type":"Article","@id":"https:\/\/trilhasdavida.com.br\/?p=719#article","isPartOf":{"@id":"https:\/\/trilhasdavida.com.br\/?p=719"},"author":{"name":"trilhasdavida1@gmail.com","@id":"https:\/\/trilhasdavida.com.br\/#\/schema\/person\/a4991d75f52ee6bb75d9a83bef1102dc"},"headline":"O que causa a ansiedade?","datePublished":"2023-04-05T11:28:39+00:00","dateModified":"2023-04-13T14:03:07+00:00","mainEntityOfPage":{"@id":"https:\/\/trilhasdavida.com.br\/?p=719"},"wordCount":282,"commentCount":0,"publisher":{"@id":"https:\/\/trilhasdavida.com.br\/#organization"},"articleSection":["Bem-estar"],"inLanguage":"en-US","potentialAction":[{"@type":"CommentAction","name":"Comment","target":["https:\/\/trilhasdavida.com.br\/?p=719#respond"]}]},{"@type":"WebPage","@id":"https:\/\/trilhasdavida.com.br\/?p=719","url":"https:\/\/trilhasdavida.com.br\/?p=719","name":"O que causa a ansiedade? - Trilhas da Vida","isPartOf":{"@id":"https:\/\/trilhasdavida.com.br\/#website"},"datePublished":"2023-04-05T11:28:39+00:00","dateModified":"2023-04-13T14:03:07+00:00","description":"Identificar o que causa a ansiedade pode ser um processo desafiador, mas \u00e9 um passo importante para lidar com ela.","breadcrumb":{"@id":"https:\/\/trilhasdavida.com.br\/?p=719#breadcrumb"},"inLanguage":"en-US","potentialAction":[{"@type":"ReadAction","target":["https:\/\/trilhasdavida.com.br\/?p=719"]}]},{"@type":"BreadcrumbList","@id":"https:\/\/trilhasdavida.com.br\/?p=719#breadcrumb","itemListElement":[{"@type":"ListItem","position":1,"name":"In\u00edcio","item":"https:\/\/trilhasdavida.com.br\/"},{"@type":"ListItem","position":2,"name":"O que causa a ansiedade?"}]},{"@type":"WebSite","@id":"https:\/\/trilhasdavida.com.br\/#website","url":"https:\/\/trilhasdavida.com.br\/","name":"Trilhas da Vida","description":"Bem-vindo ao Trilhas da Vida, um site que oferece conte\u00fado de qualidade em diferentes \u00e1reas para ajudar voc\u00ea a navegar pelas trilhas da vida com mais seguran\u00e7a e conforto. Em nosso site, voc\u00ea encontrar\u00e1 informa\u00e7\u00f5es sobre finan\u00e7as pessoais, bem-estar, tecnologia e receitas. Acreditamos que cada uma dessas \u00e1reas \u00e9 fundamental para viver uma vida plena e feliz, e por isso, buscamos trazer conte\u00fados que possam ajud\u00e1-lo a cuidar de cada aspecto de sua vida.","publisher":{"@id":"https:\/\/trilhasdavida.com.br\/#organization"},"potentialAction":[{"@type":"SearchAction","target":{"@type":"EntryPoint","urlTemplate":"https:\/\/trilhasdavida.com.br\/?s={search_term_string}"},"query-input":"required name=search_term_string"}],"inLanguage":"en-US"},{"@type":"Organization","@id":"https:\/\/trilhasdavida.com.br\/#organization","name":"Trilhas da Vida","url":"https:\/\/trilhasdavida.com.br\/","logo":{"@type":"ImageObject","inLanguage":"en-US","@id":"https:\/\/trilhasdavida.com.br\/#\/schema\/logo\/image\/","url":"https:\/\/trilhasdavida.com.br\/wp-content\/uploads\/2023\/03\/cropped-logo-novo-trilhas-1.png","contentUrl":"https:\/\/trilhasdavida.com.br\/wp-content\/uploads\/2023\/03\/cropped-logo-novo-trilhas-1.png","width":265,"height":90,"caption":"Trilhas da Vida"},"image":{"@id":"https:\/\/trilhasdavida.com.br\/#\/schema\/logo\/image\/"}},{"@type":"Person","@id":"https:\/\/trilhasdavida.com.br\/#\/schema\/person\/a4991d75f52ee6bb75d9a83bef1102dc","name":"trilhasdavida1@gmail.com","image":{"@type":"ImageObject","inLanguage":"en-US","@id":"https:\/\/trilhasdavida.com.br\/#\/schema\/person\/image\/","url":"https:\/\/secure.gravatar.com\/avatar\/5c1aba1ce56d739487494eaef1a2813f?s=96&d=mm&r=g","contentUrl":"https:\/\/secure.gravatar.com\/avatar\/5c1aba1ce56d739487494eaef1a2813f?s=96&d=mm&r=g","caption":"trilhasdavida1@gmail.com"},"sameAs":["http:\/\/trilhasdavida.com.br"],"url":"https:\/\/trilhasdavida.com.br\/?author=1"}]}},"_links":{"self":[{"href":"https:\/\/trilhasdavida.com.br\/index.php?rest_route=\/wp\/v2\/posts\/719"}],"collection":[{"href":"https:\/\/trilhasdavida.com.br\/index.php?rest_route=\/wp\/v2\/posts"}],"about":[{"href":"https:\/\/trilhasdavida.com.br\/index.php?rest_route=\/wp\/v2\/types\/post"}],"author":[{"embeddable":true,"href":"https:\/\/trilhasdavida.com.br\/index.php?rest_route=\/wp\/v2\/users\/1"}],"replies":[{"embeddable":true,"href":"https:\/\/trilhasdavida.com.br\/index.php?rest_route=%2Fwp%2Fv2%2Fcomments&post=719"}],"version-history":[{"count":3,"href":"https:\/\/trilhasdavida.com.br\/index.php?rest_route=\/wp\/v2\/posts\/719\/revisions"}],"predecessor-version":[{"id":774,"href":"https:\/\/trilhasdavida.com.br\/index.php?rest_route=\/wp\/v2\/posts\/719\/revisions\/774"}],"wp:featuredmedia":[{"embeddable":true,"href":"https:\/\/trilhasdavida.com.br\/index.php?rest_route=\/wp\/v2\/media\/720"}],"wp:attachment":[{"href":"https:\/\/trilhasdavida.com.br\/index.php?rest_route=%2Fwp%2Fv2%2Fmedia&parent=719"}],"wp:term":[{"taxonomy":"category","embeddable":true,"href":"https:\/\/trilhasdavida.com.br\/index.php?rest_route=%2Fwp%2Fv2%2Fcategories&post=719"},{"taxonomy":"post_tag","embeddable":true,"href":"https:\/\/trilhasdavida.com.br\/index.php?rest_route=%2Fwp%2Fv2%2Ftags&post=719"}],"curies":[{"name":"wp","href":"https:\/\/api.w.org\/{rel}","templated":true}]}}